{"id":4317,"date":"2024-06-06T20:41:50","date_gmt":"2024-06-06T17:41:50","guid":{"rendered":"https:\/\/gultekinnakliyat.com\/?p=4317"},"modified":"2024-06-12T23:32:11","modified_gmt":"2024-06-12T20:32:11","slug":"azerbaycan-denizyolu-tasimaciligi","status":"publish","type":"post","link":"https:\/\/gultekinnakliyat.com\/az\/azerbaycan-denizyolu-tasimaciligi\/","title":{"rendered":"Az\u0259rbaycan D\u0259niz N\u0259qliyyat\u0131"},"content":{"rendered":"<p>G\u00fcltekin Nakliyat, Azerbaycan denizyolu ta\u015f\u0131mac\u0131l\u0131\u011f\u0131 alan\u0131nda uzun y\u0131llara dayanan deneyimi ve g\u00fcvenilir hizmet anlay\u0131\u015f\u0131 ile \u00f6n plana \u00e7\u0131kmaktad\u0131r. Denizyolu ta\u015f\u0131mac\u0131l\u0131\u011f\u0131nda uzman ekibimiz, y\u00fcklerinizi g\u00fcvenli ve zaman\u0131nda ula\u015ft\u0131rmak i\u00e7in profesyonel \u00e7\u00f6z\u00fcmler sunar.<\/p>\n\n\n\n<!--more-->\n\n\n\n<h3 class=\"wp-block-heading\">Kapsaml\u0131 Denizyolu Ta\u015f\u0131mac\u0131l\u0131k Hizmetleri<\/h3>\n\n\n\n<h4 class=\"wp-block-heading\">Limandan Limana Ta\u015f\u0131mac\u0131l\u0131k<\/h4>\n\n\n\n<p>Limandan limana ta\u015f\u0131mac\u0131l\u0131k hizmetimizle, y\u00fcklerinizi T\u00fcrkiye\u2019den Azerbaycan\u2019daki limanlara g\u00fcvenli bir \u015fekilde ula\u015ft\u0131r\u0131yoruz. Denizyolu ta\u015f\u0131mac\u0131l\u0131\u011f\u0131nda geni\u015f a\u011f\u0131m\u0131z ve i\u015f ortaklar\u0131m\u0131z sayesinde h\u0131zl\u0131 ve ekonomik \u00e7\u00f6z\u00fcmler sunuyoruz.<\/p>\n\n\n\n<h4 class=\"wp-block-heading\">Qap\u0131dan Qap\u0131ya \u00c7atd\u0131r\u0131lma<\/h4>\n\n\n\n<p>Kap\u0131dan kap\u0131ya teslimat hizmetimiz ile y\u00fcklerinizi adresinizden alarak, Azerbaycan\u2019daki hedef noktaya teslim ediyoruz. Bu hizmetimizle ta\u015f\u0131mac\u0131l\u0131k s\u00fcrecinin her a\u015famas\u0131nda yan\u0131n\u0131zda oluyoruz.<\/p>\n\n\n\n<h4 class=\"wp-block-heading\">Konteyner Ta\u015f\u0131mac\u0131l\u0131\u011f\u0131<\/h4>\n\n\n\n<p>Farkl\u0131 boyut ve kapasitelerdeki konteynerlerimizle, b\u00fcy\u00fck ve k\u00fc\u00e7\u00fck \u00f6l\u00e7ekli y\u00fcklerinizi ekonomik ve g\u00fcvenli bir \u015fekilde ta\u015f\u0131yoruz. Konteyner ta\u015f\u0131mac\u0131l\u0131\u011f\u0131 ile y\u00fcklerinizin g\u00fcvenli\u011fini maksimum seviyede sa\u011fl\u0131yoruz.<\/p>\n\n\n\n<h4 class=\"wp-block-heading\">Parsiyel ve Komple Ta\u015f\u0131mac\u0131l\u0131k<\/h4>\n\n\n\n<p>Hem parsiyel hem de komple y\u00fcklerinizi Azerbaycan\u2019a ta\u015f\u0131yoruz. Parsiyel ta\u015f\u0131mac\u0131l\u0131k ile maliyetlerinizi d\u00fc\u015f\u00fcr\u00fcrken, komple ta\u015f\u0131mac\u0131l\u0131k ile b\u00fcy\u00fck hacimli y\u00fcklerinizi tek seferde ula\u015ft\u0131r\u0131yoruz.<\/p>\n\n\n\n<h2 class=\"wp-block-heading\">S\u00fcr\u0259tli v\u0259 T\u0259hl\u00fck\u0259siz \u00c7atd\u0131r\u0131lma<\/h2>\n\n\n\n<p>Teslimat s\u00fcrelerindeki hassasiyetimiz ve y\u00fcklerinizin g\u00fcvenli\u011fi konusundaki titizli\u011fimizle tan\u0131n\u0131r\u0131z. Y\u00fcksek g\u00fcvenlik standartlar\u0131 ve g\u00fcncel teknolojilerle y\u00fcklerinizin her ad\u0131m\u0131n\u0131 izler ve en h\u0131zl\u0131 \u015fekilde teslim ederiz.<\/p>\n\n\n\n<h2 class=\"wp-block-heading\">M\u00fc\u015ft\u0259ri M\u0259mnuniyy\u0259ti Prioritetimizdir<\/h2>\n\n\n\n<p>G\u00fcltekin Nakliyat olaraq bizim \u00fc\u00e7\u00fcn ilk n\u00f6vb\u0259d\u0259 m\u00fc\u015ft\u0259ri m\u0259mnuniyy\u0259ti g\u0259lir. M\u00fc\u015ft\u0259ril\u0259rimizin h\u0259r birinin g\u00f6zl\u0259ntil\u0259rini qar\u015f\u0131lamaq v\u0259 a\u015fmaq \u00fc\u00e7\u00fcn daima f\u0259rdi h\u0259ll\u0259r t\u0259qdim etm\u0259kl\u0259 \u00e7al\u0131\u015f\u0131r\u0131q. Biz prosesl\u0259rin h\u0259r m\u0259rh\u0259l\u0259sind\u0259 \u015f\u0259ffaf kommunikasiya v\u0259 m\u0259lumatla m\u00fc\u015ft\u0259ri \u0259laq\u0259l\u0259rimizi g\u00fccl\u0259ndiririk.<\/p>\n\n\n\n<h2 class=\"wp-block-heading\">\u00c7evre Dostu Ta\u015f\u0131mac\u0131l\u0131k<\/h2>\n\n\n\n<p>Denizyolu ta\u015f\u0131mac\u0131l\u0131\u011f\u0131, \u00e7evre dostu bir ta\u015f\u0131ma y\u00f6ntemi olup, karbon ayak izinizi azaltman\u0131za yard\u0131mc\u0131 olur. G\u00fcltekin Nakliyat olarak, \u00e7evreye duyarl\u0131 ta\u015f\u0131mac\u0131l\u0131k \u00e7\u00f6z\u00fcmleri sunarak s\u00fcrd\u00fcr\u00fclebilir bir gelecek i\u00e7in \u00e7al\u0131\u015f\u0131yoruz.<\/p>\n\n\n\n<h2 class=\"wp-block-heading\">G\u00fcltekin N\u0259qliyyat\u0131n\u0131 se\u00e7in<\/h2>\n\n\n\n<p>Azerbaycan denizyolu ta\u015f\u0131mac\u0131l\u0131\u011f\u0131nda g\u00fcvenilir, ekonomik ve \u00e7evre dostu bir partner ar\u0131yorsan\u0131z, G\u00fcltekin Nakliyat olarak size en uygun \u00e7\u00f6z\u00fcmleri sunmak i\u00e7in buraday\u0131z. Lojistik ihtiya\u00e7lar\u0131n\u0131z i\u00e7in bizimle ileti\u015fime ge\u00e7in ve y\u00fcklerinizi g\u00fcvenle ta\u015f\u0131yal\u0131m.<\/p>","protected":false},"excerpt":{"rendered":"<p>G\u00fcltekin Nakliyat, Azerbaycan denizyolu ta\u015f\u0131mac\u0131l\u0131\u011f\u0131 alan\u0131nda uzun y\u0131llara dayanan deneyimi ve g\u00fcvenilir hizmet anlay\u0131\u015f\u0131 ile \u00f6n plana \u00e7\u0131kmaktad\u0131r. Denizyolu ta\u015f\u0131mac\u0131l\u0131\u011f\u0131nda uzman ekibimiz, y\u00fcklerinizi g\u00fcvenli ve zaman\u0131nda ula\u015ft\u0131rmak i\u00e7in profesyonel \u00e7\u00f6z\u00fcmler sunar.<\/p>","protected":false},"author":1,"featured_media":4482,"comment_status":"closed","ping_status":"closed","sticky":false,"template":"","format":"standard","meta":{"footnotes":""},"categories":[37],"tags":[47],"class_list":["post-4317","post","type-post","status-publish","format-standard","has-post-thumbnail","hentry","category-lojistik","tag-denizyolu-tasimaciligi"],"_links":{"self":[{"href":"https:\/\/gultekinnakliyat.com\/az\/wp-json\/wp\/v2\/posts\/4317","targetHints":{"allow":["GET"]}}],"collection":[{"href":"https:\/\/gultekinnakliyat.com\/az\/wp-json\/wp\/v2\/posts"}],"about":[{"href":"https:\/\/gultekinnakliyat.com\/az\/wp-json\/wp\/v2\/types\/post"}],"author":[{"embeddable":true,"href":"https:\/\/gultekinnakliyat.com\/az\/wp-json\/wp\/v2\/users\/1"}],"replies":[{"embeddable":true,"href":"https:\/\/gultekinnakliyat.com\/az\/wp-json\/wp\/v2\/comments?post=4317"}],"version-history":[{"count":1,"href":"https:\/\/gultekinnakliyat.com\/az\/wp-json\/wp\/v2\/posts\/4317\/revisions"}],"predecessor-version":[{"id":4319,"href":"https:\/\/gultekinnakliyat.com\/az\/wp-json\/wp\/v2\/posts\/4317\/revisions\/4319"}],"wp:featuredmedia":[{"embeddable":true,"href":"https:\/\/gultekinnakliyat.com\/az\/wp-json\/wp\/v2\/media\/4482"}],"wp:attachment":[{"href":"https:\/\/gultekinnakliyat.com\/az\/wp-json\/wp\/v2\/media?parent=4317"}],"wp:term":[{"taxonomy":"category","embeddable":true,"href":"https:\/\/gultekinnakliyat.com\/az\/wp-json\/wp\/v2\/categories?post=4317"},{"taxonomy":"post_tag","embeddable":true,"href":"https:\/\/gultekinnakliyat.com\/az\/wp-json\/wp\/v2\/tags?post=4317"}],"curies":[{"name":"wp","href":"https:\/\/api.w.org\/{rel}","templated":true}]}}